{"id":210,"date":"2019-12-10T10:24:39","date_gmt":"2019-12-10T09:24:39","guid":{"rendered":"https:\/\/www.mein-mehl.de\/mehlometer\/?p=210"},"modified":"2020-03-19T16:19:37","modified_gmt":"2020-03-19T15:19:37","slug":"spaetzleteig","status":"publish","type":"post","link":"https:\/\/www.mein-mehl.de\/mehlometer\/teige\/spaetzleteig\/","title":{"rendered":"Sp\u00e4tzleteig"},"content":{"rendered":"\t\t<div data-elementor-type=\"wp-post\" data-elementor-id=\"210\" class=\"elementor elementor-210\" data-elementor-post-type=\"post\">\n\t\t\t\t\t\t<div class=\"elementor-inner\">\n\t\t\t\t<div class=\"elementor-section-wrap\">\n\t\t\t\t\t\t\t\t\t<section class=\"elementor-section elementor-top-section elementor-element elementor-element-01db30e elementor-section-boxed elementor-section-height-default elementor-section-height-default\" data-id=\"01db30e\" data-element_type=\"section\">\n\t\t\t\t\t\t<div class=\"elementor-container elementor-column-gap-default\">\n\t\t\t\t\t\t\t<div class=\"elementor-row\">\n\t\t\t\t\t<div class=\"elementor-column elementor-col-100 elementor-top-column elementor-element elementor-element-2511bb3\" data-id=\"2511bb3\" data-element_type=\"column\">\n\t\t\t<div class=\"elementor-column-wrap elementor-element-populated\">\n\t\t\t\t\t\t\t<div class=\"elementor-widget-wrap\">\n\t\t\t\t\t\t<div class=\"elementor-element elementor-element-fa950e8 elementor-widget elementor-widget-heading\" data-id=\"fa950e8\" data-element_type=\"widget\" data-widget_type=\"heading.default\">\n\t\t\t\t<div class=\"elementor-widget-container\">\n\t\t\t<h2 class=\"elementor-heading-title elementor-size-default\">Sp\u00e4tzleteig<\/h2>\t\t<\/div>\n\t\t\t\t<\/div>\n\t\t\t\t<div class=\"elementor-element elementor-element-6a16149 elementor-widget elementor-widget-text-editor\" data-id=\"6a16149\" data-element_type=\"widget\" data-widget_type=\"text-editor.default\">\n\t\t\t\t<div class=\"elementor-widget-container\">\n\t\t\t\t\t\t\t\t<div class=\"elementor-text-editor elementor-clearfix\">\n\t\t\t\t<p>Der perfekte Sp\u00e4tzleteig gelingt mit (doppel-)griffigem Mehl oder Wiener Grie\u00dfler sowie mit speziellem Sp\u00e4tzle-Mehl. Alternativ: backstarkes Weizenmehl (14% Eiwei\u00dfgehalt).<\/p><p>Hier gibt\u2019s weitere Infos zum <a href=\"https:\/\/www.mein-mehl.de\/backen-kochen\/schnellkurs-kochen\/spaetzle-teig\/\" target=\"_blank\" rel=\"noopener\">Grundteig<\/a>\u00a0und\u00a0praktische Tipps.<\/p>\t\t\t\t\t<\/div>\n\t\t\t\t\t\t<\/div>\n\t\t\t\t<\/div>\n\t\t\t\t\t\t<\/div>\n\t\t\t\t\t<\/div>\n\t\t<\/div>\n\t\t\t\t\t\t\t\t<\/div>\n\t\t\t\t\t<\/div>\n\t\t<\/section>\n\t\t\t\t\t\t\t\t\t<\/div>\n\t\t\t<\/div>\n\t\t\t\t\t<\/div>\n\t\t","protected":false},"excerpt":{"rendered":"<p>Sp\u00e4tzleteig Der perfekte Sp\u00e4tzleteig gelingt mit (doppel-)griffigem Mehl oder Wiener Grie\u00dfler sowie mit speziellem Sp\u00e4tzle-Mehl. Alternativ: backstarkes Weizenmehl (14% Eiwei\u00dfgehalt). Hier gibt\u2019s weitere Infos zum Grundteig\u00a0und\u00a0praktische Tipps.<\/p>\n","protected":false},"author":1,"featured_media":0,"comment_status":"closed","ping_status":"open","sticky":false,"template":"","format":"standard","meta":{"footnotes":""},"categories":[14],"tags":[],"_links":{"self":[{"href":"https:\/\/www.mein-mehl.de\/mehlometer\/wp-json\/wp\/v2\/posts\/210"}],"collection":[{"href":"https:\/\/www.mein-mehl.de\/mehlometer\/wp-json\/wp\/v2\/posts"}],"about":[{"href":"https:\/\/www.mein-mehl.de\/mehlometer\/wp-json\/wp\/v2\/types\/post"}],"author":[{"embeddable":true,"href":"https:\/\/www.mein-mehl.de\/mehlometer\/wp-json\/wp\/v2\/users\/1"}],"replies":[{"embeddable":true,"href":"https:\/\/www.mein-mehl.de\/mehlometer\/wp-json\/wp\/v2\/comments?post=210"}],"version-history":[{"count":6,"href":"https:\/\/www.mein-mehl.de\/mehlometer\/wp-json\/wp\/v2\/posts\/210\/revisions"}],"predecessor-version":[{"id":699,"href":"https:\/\/www.mein-mehl.de\/mehlometer\/wp-json\/wp\/v2\/posts\/210\/revisions\/699"}],"wp:attachment":[{"href":"https:\/\/www.mein-mehl.de\/mehlometer\/wp-json\/wp\/v2\/media?parent=210"}],"wp:term":[{"taxonomy":"category","embeddable":true,"href":"https:\/\/www.mein-mehl.de\/mehlometer\/wp-json\/wp\/v2\/categories?post=210"},{"taxonomy":"post_tag","embeddable":true,"href":"https:\/\/www.mein-mehl.de\/mehlometer\/wp-json\/wp\/v2\/tags?post=210"}],"curies":[{"name":"wp","href":"https:\/\/api.w.org\/{rel}","templated":true}]}}