{"id":130,"date":"2019-12-09T14:50:34","date_gmt":"2019-12-09T13:50:34","guid":{"rendered":"https:\/\/www.mein-mehl.de\/mehlometer\/?p=130"},"modified":"2020-03-19T10:39:50","modified_gmt":"2020-03-19T09:39:50","slug":"dunst-griess","status":"publish","type":"post","link":"https:\/\/www.mein-mehl.de\/mehlometer\/dinkel-gruenkern-urgetreide\/dunst-griess\/","title":{"rendered":"Dunst\/Grie\u00df"},"content":{"rendered":"\t\t<div data-elementor-type=\"wp-post\" data-elementor-id=\"130\" class=\"elementor elementor-130\" data-elementor-post-type=\"post\">\n\t\t\t\t\t\t<div class=\"elementor-inner\">\n\t\t\t\t<div class=\"elementor-section-wrap\">\n\t\t\t\t\t\t\t\t\t<section class=\"elementor-section elementor-top-section elementor-element elementor-element-c0fc313 elementor-section-boxed elementor-section-height-default elementor-section-height-default\" data-id=\"c0fc313\" data-element_type=\"section\">\n\t\t\t\t\t\t<div class=\"elementor-container elementor-column-gap-default\">\n\t\t\t\t\t\t\t<div class=\"elementor-row\">\n\t\t\t\t\t<div class=\"elementor-column elementor-col-100 elementor-top-column elementor-element elementor-element-dd03a26\" data-id=\"dd03a26\" data-element_type=\"column\">\n\t\t\t<div class=\"elementor-column-wrap elementor-element-populated\">\n\t\t\t\t\t\t\t<div class=\"elementor-widget-wrap\">\n\t\t\t\t\t\t<div class=\"elementor-element elementor-element-15c4962 elementor-widget elementor-widget-heading\" data-id=\"15c4962\" data-element_type=\"widget\" data-widget_type=\"heading.default\">\n\t\t\t\t<div class=\"elementor-widget-container\">\n\t\t\t<h2 class=\"elementor-heading-title elementor-size-default\">Dunst und Grie\u00df<\/h2>\t\t<\/div>\n\t\t\t\t<\/div>\n\t\t\t\t<div class=\"elementor-element elementor-element-6bc9c8e elementor-widget elementor-widget-text-editor\" data-id=\"6bc9c8e\" data-element_type=\"widget\" data-widget_type=\"text-editor.default\">\n\t\t\t\t<div class=\"elementor-widget-container\">\n\t\t\t\t\t\t\t\t<div class=\"elementor-text-editor elementor-clearfix\">\n\t\t\t\t<p>Die feink\u00f6rnigen Mahlerzeugnisse sind geeignet f\u00fcr cremig-lockere S\u00fc\u00dfspeisen, Suppen und Teigwaren.<\/p>\t\t\t\t\t<\/div>\n\t\t\t\t\t\t<\/div>\n\t\t\t\t<\/div>\n\t\t\t\t\t\t<\/div>\n\t\t\t\t\t<\/div>\n\t\t<\/div>\n\t\t\t\t\t\t\t\t<\/div>\n\t\t\t\t\t<\/div>\n\t\t<\/section>\n\t\t\t\t\t\t\t\t\t<\/div>\n\t\t\t<\/div>\n\t\t\t\t\t<\/div>\n\t\t","protected":false},"excerpt":{"rendered":"<p>Dunst und Grie\u00df Die feink\u00f6rnigen Mahlerzeugnisse sind geeignet f\u00fcr cremig-lockere S\u00fc\u00dfspeisen, Suppen und Teigwaren.<\/p>\n","protected":false},"author":1,"featured_media":0,"comment_status":"closed","ping_status":"open","sticky":false,"template":"","format":"standard","meta":{"footnotes":""},"categories":[17],"tags":[],"_links":{"self":[{"href":"https:\/\/www.mein-mehl.de\/mehlometer\/wp-json\/wp\/v2\/posts\/130"}],"collection":[{"href":"https:\/\/www.mein-mehl.de\/mehlometer\/wp-json\/wp\/v2\/posts"}],"about":[{"href":"https:\/\/www.mein-mehl.de\/mehlometer\/wp-json\/wp\/v2\/types\/post"}],"author":[{"embeddable":true,"href":"https:\/\/www.mein-mehl.de\/mehlometer\/wp-json\/wp\/v2\/users\/1"}],"replies":[{"embeddable":true,"href":"https:\/\/www.mein-mehl.de\/mehlometer\/wp-json\/wp\/v2\/comments?post=130"}],"version-history":[{"count":9,"href":"https:\/\/www.mein-mehl.de\/mehlometer\/wp-json\/wp\/v2\/posts\/130\/revisions"}],"predecessor-version":[{"id":693,"href":"https:\/\/www.mein-mehl.de\/mehlometer\/wp-json\/wp\/v2\/posts\/130\/revisions\/693"}],"wp:attachment":[{"href":"https:\/\/www.mein-mehl.de\/mehlometer\/wp-json\/wp\/v2\/media?parent=130"}],"wp:term":[{"taxonomy":"category","embeddable":true,"href":"https:\/\/www.mein-mehl.de\/mehlometer\/wp-json\/wp\/v2\/categories?post=130"},{"taxonomy":"post_tag","embeddable":true,"href":"https:\/\/www.mein-mehl.de\/mehlometer\/wp-json\/wp\/v2\/tags?post=130"}],"curies":[{"name":"wp","href":"https:\/\/api.w.org\/{rel}","templated":true}]}}