{"id":126,"date":"2019-12-09T14:49:29","date_gmt":"2019-12-09T13:49:29","guid":{"rendered":"https:\/\/www.mein-mehl.de\/mehlometer\/?p=126"},"modified":"2019-12-11T16:05:26","modified_gmt":"2019-12-11T15:05:26","slug":"type-550","status":"publish","type":"post","link":"https:\/\/www.mein-mehl.de\/mehlometer\/weizenmehl\/type-550\/","title":{"rendered":"Type 550"},"content":{"rendered":"\t\t<div data-elementor-type=\"wp-post\" data-elementor-id=\"126\" class=\"elementor elementor-126\" data-elementor-post-type=\"post\">\n\t\t\t\t\t\t<div class=\"elementor-inner\">\n\t\t\t\t<div class=\"elementor-section-wrap\">\n\t\t\t\t\t\t\t\t\t<section class=\"elementor-section elementor-top-section elementor-element elementor-element-08ae7d6 elementor-section-boxed elementor-section-height-default elementor-section-height-default\" data-id=\"08ae7d6\" data-element_type=\"section\">\n\t\t\t\t\t\t<div class=\"elementor-container elementor-column-gap-default\">\n\t\t\t\t\t\t\t<div class=\"elementor-row\">\n\t\t\t\t\t<div class=\"elementor-column elementor-col-100 elementor-top-column elementor-element elementor-element-0a9a2eb\" data-id=\"0a9a2eb\" data-element_type=\"column\">\n\t\t\t<div class=\"elementor-column-wrap elementor-element-populated\">\n\t\t\t\t\t\t\t<div class=\"elementor-widget-wrap\">\n\t\t\t\t\t\t<div class=\"elementor-element elementor-element-b04b68d elementor-widget elementor-widget-heading\" data-id=\"b04b68d\" data-element_type=\"widget\" data-widget_type=\"heading.default\">\n\t\t\t\t<div class=\"elementor-widget-container\">\n\t\t\t<h2 class=\"elementor-heading-title elementor-size-default\">Type 550<\/h2>\t\t<\/div>\n\t\t\t\t<\/div>\n\t\t\t\t<div class=\"elementor-element elementor-element-94d8bf2 elementor-widget elementor-widget-text-editor\" data-id=\"94d8bf2\" data-element_type=\"widget\" data-widget_type=\"text-editor.default\">\n\t\t\t\t<div class=\"elementor-widget-container\">\n\t\t\t\t\t\t\t\t<div class=\"elementor-text-editor elementor-clearfix\">\n\t\t\t\t<p>F\u00fcr Wei\u00df- und Toastbrote sowie Br\u00f6tchen und andere Kleingeb\u00e4cke mit goldbrauner Kruste.<\/p>\t\t\t\t\t<\/div>\n\t\t\t\t\t\t<\/div>\n\t\t\t\t<\/div>\n\t\t\t\t\t\t<\/div>\n\t\t\t\t\t<\/div>\n\t\t<\/div>\n\t\t\t\t\t\t\t\t<\/div>\n\t\t\t\t\t<\/div>\n\t\t<\/section>\n\t\t\t\t\t\t\t\t\t<\/div>\n\t\t\t<\/div>\n\t\t\t\t\t<\/div>\n\t\t","protected":false},"excerpt":{"rendered":"<p>Type 550 F\u00fcr Wei\u00df- und Toastbrote sowie Br\u00f6tchen und andere Kleingeb\u00e4cke mit goldbrauner Kruste.<\/p>\n","protected":false},"author":1,"featured_media":0,"comment_status":"closed","ping_status":"open","sticky":false,"template":"","format":"standard","meta":{"footnotes":""},"categories":[5],"tags":[],"_links":{"self":[{"href":"https:\/\/www.mein-mehl.de\/mehlometer\/wp-json\/wp\/v2\/posts\/126"}],"collection":[{"href":"https:\/\/www.mein-mehl.de\/mehlometer\/wp-json\/wp\/v2\/posts"}],"about":[{"href":"https:\/\/www.mein-mehl.de\/mehlometer\/wp-json\/wp\/v2\/types\/post"}],"author":[{"embeddable":true,"href":"https:\/\/www.mein-mehl.de\/mehlometer\/wp-json\/wp\/v2\/users\/1"}],"replies":[{"embeddable":true,"href":"https:\/\/www.mein-mehl.de\/mehlometer\/wp-json\/wp\/v2\/comments?post=126"}],"version-history":[{"count":7,"href":"https:\/\/www.mein-mehl.de\/mehlometer\/wp-json\/wp\/v2\/posts\/126\/revisions"}],"predecessor-version":[{"id":338,"href":"https:\/\/www.mein-mehl.de\/mehlometer\/wp-json\/wp\/v2\/posts\/126\/revisions\/338"}],"wp:attachment":[{"href":"https:\/\/www.mein-mehl.de\/mehlometer\/wp-json\/wp\/v2\/media?parent=126"}],"wp:term":[{"taxonomy":"category","embeddable":true,"href":"https:\/\/www.mein-mehl.de\/mehlometer\/wp-json\/wp\/v2\/categories?post=126"},{"taxonomy":"post_tag","embeddable":true,"href":"https:\/\/www.mein-mehl.de\/mehlometer\/wp-json\/wp\/v2\/tags?post=126"}],"curies":[{"name":"wp","href":"https:\/\/api.w.org\/{rel}","templated":true}]}}